{"id":2012,"date":"2018-05-16T18:44:12","date_gmt":"2018-05-16T16:44:12","guid":{"rendered":"http:\/\/www.vectorgestion.ch\/?p=2012"},"modified":"2024-09-06T18:34:13","modified_gmt":"2024-09-06T16:34:13","slug":"vector-gestion-soutient-activement-la-culture","status":"publish","type":"post","link":"https:\/\/vectorgestion.ch\/en\/vector-gestion-soutient-activement-la-culture\/","title":{"rendered":"Vector Gestion soutient activement la culture"},"content":{"rendered":"<p>En devenant sponsor du Festival <a href=\"https:\/\/www.pully-quebec.ch\">Pully-Lavaux \u00e0 l\u2019heure du Qu\u00e9bec<\/a>, Vector Gestion accompagne le plus gros \u00e9v\u00e9nement europ\u00e9en de musique francophone d\u2019Am\u00e9rique du Nord. Fond\u00e9 en 1996 et v\u00e9ritable vitrine du Qu\u00e9bec culturel, ce festival biennal r\u00e9unit des artistes de renoms devant plus de 30&#8217;000 spectateurs \u00e0 Pully.<\/p>\n<p>A la t\u00eate de cette initiative de sponsoring, on retrouve <a href=\"https:\/\/vectorgestion.ch\/a-propos\/michel-marguerat\/\">Michel Marguerat<\/a>, Directeur de Vector Gestion \u00e0 Lausanne. Il est \u00e9galement depuis une ann\u00e9e l\u2019enthousiaste Directeur du Festival <a href=\"https:\/\/www.pully-quebec.ch\">Pully-Lavaux \u00e0 l\u2019heure du Qu\u00e9bec<\/a> et commente : \u00ab Ce rendez-vous r\u00e9unit des artistes connus au Qu\u00e9bec qui cherchent \u00e0 accomplir une carri\u00e8re internationale. La mission du Festival est donc de promouvoir ces chanteurs hors de leurs fronti\u00e8res. Des artistes comme Natasha St-Pier, Lynda Lemay ou encore C\u0153ur de Pirate sont pass\u00e9s par Pully pour lancer leur carri\u00e8re internationale. Accompagner un tel \u00e9v\u00e9nement, c\u2019est aussi pouvoir partager un moment privil\u00e9gi\u00e9 avec des passionn\u00e9s de musique. \u00bb<\/p>\n<p>Du 4 au 9 juin 2018, le Festival accueillera entre autres Garou, Eric Lapointe (le \u00ab Johnny Hallyday du Qu\u00e9bec \u00bb), Brigitte Boisjoli (sign\u00e9 Luc Plamandon), Fred Pellerin, Les Cowboys Fringants ou encore Robert Charlebois. Plus de cinq artistes se produiront chaque soir au c\u0153ur de Pully sur trois sc\u00e8nes &#8211; Th\u00e9\u00e2tre de l\u2019Octogone, Arnold Reymond, Sc\u00e8ne du Village. Un Festival off, \u00e0 l\u2019entr\u00e9e gratuite, accueillera aussi divers groupes et futures stars.<\/p>\n<p>Vector Gestion se r\u00e9jouit de cette nouvelle collaboration culturelle qui lui permet ainsi de partager les m\u00eames valeurs que celles de ses clients.<\/p>\n<p><a href=\"https:\/\/vectorgestion.ch\/wp-content\/uploads\/2018\/05\/image004.jpg\"><img loading=\"lazy\" decoding=\"async\" class=\"alignnone size-medium wp-image-2014\" src=\"http:\/\/www.vectorgestion.ch\/wp-content\/uploads\/2018\/05\/image004-300x200.jpg\" alt=\"image004\" width=\"300\" height=\"200\" \/><\/a> <a href=\"https:\/\/vectorgestion.ch\/wp-content\/uploads\/2018\/05\/image003.jpg\"><img loading=\"lazy\" decoding=\"async\" class=\"alignnone size-medium wp-image-2015\" src=\"http:\/\/www.vectorgestion.ch\/wp-content\/uploads\/2018\/05\/image003-300x200.jpg\" alt=\"image003\" width=\"300\" height=\"200\" \/><\/a> <a href=\"https:\/\/vectorgestion.ch\/wp-content\/uploads\/2018\/05\/image002.jpg\"><img loading=\"lazy\" decoding=\"async\" class=\"alignnone size-medium wp-image-2016\" src=\"http:\/\/www.vectorgestion.ch\/wp-content\/uploads\/2018\/05\/image002-300x200.jpg\" alt=\"image002\" width=\"300\" height=\"200\" \/><\/a> <a href=\"https:\/\/vectorgestion.ch\/wp-content\/uploads\/2018\/05\/image006.jpg\"><img loading=\"lazy\" decoding=\"async\" class=\"alignnone size-medium wp-image-2017\" src=\"http:\/\/www.vectorgestion.ch\/wp-content\/uploads\/2018\/05\/image006-300x200.jpg\" alt=\"image006\" width=\"300\" height=\"200\" \/><\/a><\/p>\n","protected":false},"excerpt":{"rendered":"<p>En devenant sponsor du Festival Pully-Lavaux \u00e0 l\u2019heure du Qu\u00e9bec, Vector Gestion accompagne le plus gros \u00e9v\u00e9nement europ\u00e9en de musique francophone d\u2019Am\u00e9rique du Nord. Fond\u00e9 en 1996 et v\u00e9ritable vitrine du Qu\u00e9bec culturel, ce festival biennal r\u00e9unit des artistes de renoms devant plus de 30&#8217;000 spectateurs \u00e0 Pully. A la t\u00eate de cette initiative de [&hellip;]<\/p>\n","protected":false},"author":1,"featured_media":6139,"comment_status":"open","ping_status":"open","sticky":false,"template":"","format":"standard","meta":{"_acf_changed":false,"_et_pb_use_builder":"","_et_pb_old_content":"","_et_gb_content_width":"","footnotes":""},"categories":[12],"tags":[],"class_list":["post-2012","post","type-post","status-publish","format-standard","has-post-thumbnail","hentry","category-non-classe"],"acf":[],"_links":{"self":[{"href":"https:\/\/vectorgestion.ch\/en\/wp-json\/wp\/v2\/posts\/2012","targetHints":{"allow":["GET"]}}],"collection":[{"href":"https:\/\/vectorgestion.ch\/en\/wp-json\/wp\/v2\/posts"}],"about":[{"href":"https:\/\/vectorgestion.ch\/en\/wp-json\/wp\/v2\/types\/post"}],"author":[{"embeddable":true,"href":"https:\/\/vectorgestion.ch\/en\/wp-json\/wp\/v2\/users\/1"}],"replies":[{"embeddable":true,"href":"https:\/\/vectorgestion.ch\/en\/wp-json\/wp\/v2\/comments?post=2012"}],"version-history":[{"count":1,"href":"https:\/\/vectorgestion.ch\/en\/wp-json\/wp\/v2\/posts\/2012\/revisions"}],"predecessor-version":[{"id":6213,"href":"https:\/\/vectorgestion.ch\/en\/wp-json\/wp\/v2\/posts\/2012\/revisions\/6213"}],"wp:featuredmedia":[{"embeddable":true,"href":"https:\/\/vectorgestion.ch\/en\/wp-json\/wp\/v2\/media\/6139"}],"wp:attachment":[{"href":"https:\/\/vectorgestion.ch\/en\/wp-json\/wp\/v2\/media?parent=2012"}],"wp:term":[{"taxonomy":"category","embeddable":true,"href":"https:\/\/vectorgestion.ch\/en\/wp-json\/wp\/v2\/categories?post=2012"},{"taxonomy":"post_tag","embeddable":true,"href":"https:\/\/vectorgestion.ch\/en\/wp-json\/wp\/v2\/tags?post=2012"}],"curies":[{"name":"wp","href":"https:\/\/api.w.org\/{rel}","templated":true}]}}